{"id":1684,"date":"2024-04-21T11:00:54","date_gmt":"2024-04-21T11:00:54","guid":{"rendered":"https:\/\/nuitblanche.be\/?p=1684"},"modified":"2024-04-21T11:02:05","modified_gmt":"2024-04-21T11:02:05","slug":"le-relais-jeunes","status":"publish","type":"post","link":"https:\/\/nuitblanche.be\/?p=1684","title":{"rendered":"Le Relais Jeunes"},"content":{"rendered":"<p>Depart de Bruxelles d&rsquo;un p\u00e9riple en v\u00e9lo en France pour conscientiser les jeunes aux probl\u00e9matiques \u00e9nerg\u00e9tiques <a href=\"https:\/\/lerelaisjeunes.fr\/periple-2023\" target=\"_blank\" rel=\"noopener\" title=\"\">\u00ab\u00a0L\u2019ENRJ\u2019 TOUR\u00a0\u00bb <\/a> <br>Manifestation du 24 mars 2023 de l&rsquo;association Le <a href=\"https:\/\/www.facebook.com\/LeRelaisJeunes\" target=\"_blank\" rel=\"noopener\" title=\"\">Relais Jeune<\/a>s, soutenue par Amnesty.be, C.N.C.D. 11 11 11 Asbl, asbl GREENPEACE BELGIUM vzw, Oxfam Solidarit\u00e9<\/p><p class=\"has-text-align-center\">Placement du podium, de la sonorisation, de groupe \u00e9lectrog\u00e8ne dans le cadre d&rsquo;e la manifestation Relai jeunesse. <br><img loading=\"lazy\" decoding=\"async\" width=\"600\" height=\"338\" class=\"wp-image-1685\" style=\"width: 600px;\" src=\"https:\/\/nuitblanche.be\/WordPress3\/wp-content\/uploads\/2024\/04\/Amnesty-relai-jeune-23-avril-9.jpg\" alt=\"\" srcset=\"https:\/\/nuitblanche.be\/WordPress3\/wp-content\/uploads\/2024\/04\/Amnesty-relai-jeune-23-avril-9.jpg 2048w, https:\/\/nuitblanche.be\/WordPress3\/wp-content\/uploads\/2024\/04\/Amnesty-relai-jeune-23-avril-9-300x169.jpg 300w, https:\/\/nuitblanche.be\/WordPress3\/wp-content\/uploads\/2024\/04\/Amnesty-relai-jeune-23-avril-9-1024x576.jpg 1024w, https:\/\/nuitblanche.be\/WordPress3\/wp-content\/uploads\/2024\/04\/Amnesty-relai-jeune-23-avril-9-768x432.jpg 768w, https:\/\/nuitblanche.be\/WordPress3\/wp-content\/uploads\/2024\/04\/Amnesty-relai-jeune-23-avril-9-1536x864.jpg 1536w, https:\/\/nuitblanche.be\/WordPress3\/wp-content\/uploads\/2024\/04\/Amnesty-relai-jeune-23-avril-9-600x338.jpg 600w\" sizes=\"auto, (max-width: 600px) 100vw, 600px\" \/>. <\/p>","protected":false},"excerpt":{"rendered":"<p>Depart de Bruxelles d&rsquo;un p\u00e9riple en v\u00e9lo en France pour conscientiser les jeunes aux probl\u00e9matiques \u00e9nerg\u00e9tiques \u00ab\u00a0L\u2019ENRJ\u2019 TOUR\u00a0\u00bb Manifestation du 24 mars 2023 de l&rsquo;association Le Relais Jeunes, soutenue par Amnesty.be, C.N.C.D. 11 11 11 Asbl, asbl GREENPEACE BELGIUM vzw, Oxfam Solidarit\u00e9 Placement du podium, de la sonorisation, de groupe [&hellip;]<\/p>\n","protected":false},"author":1,"featured_media":1686,"comment_status":"open","ping_status":"open","sticky":false,"template":"","format":"standard","meta":{"om_disable_all_campaigns":false,"_monsterinsights_skip_tracking":false,"_monsterinsights_sitenote_active":false,"_monsterinsights_sitenote_note":"","_monsterinsights_sitenote_category":0,"_jetpack_memberships_contains_paid_content":false,"footnotes":""},"categories":[1,79,78,75],"tags":[],"class_list":["post-1684","post","type-post","status-publish","format-standard","has-post-thumbnail","hentry","category-evenement","category-groupe-electrogene","category-podium","category-sonorisation"],"aioseo_notices":[],"jetpack_sharing_enabled":true,"jetpack_featured_media_url":"https:\/\/nuitblanche.be\/WordPress3\/wp-content\/uploads\/2024\/04\/Amnesty-relai-jeune-23-avril-1-scaled.jpg","_links":{"self":[{"href":"https:\/\/nuitblanche.be\/index.php?rest_route=\/wp\/v2\/posts\/1684","targetHints":{"allow":["GET"]}}],"collection":[{"href":"https:\/\/nuitblanche.be\/index.php?rest_route=\/wp\/v2\/posts"}],"about":[{"href":"https:\/\/nuitblanche.be\/index.php?rest_route=\/wp\/v2\/types\/post"}],"author":[{"embeddable":true,"href":"https:\/\/nuitblanche.be\/index.php?rest_route=\/wp\/v2\/users\/1"}],"replies":[{"embeddable":true,"href":"https:\/\/nuitblanche.be\/index.php?rest_route=%2Fwp%2Fv2%2Fcomments&post=1684"}],"version-history":[{"count":3,"href":"https:\/\/nuitblanche.be\/index.php?rest_route=\/wp\/v2\/posts\/1684\/revisions"}],"predecessor-version":[{"id":1689,"href":"https:\/\/nuitblanche.be\/index.php?rest_route=\/wp\/v2\/posts\/1684\/revisions\/1689"}],"wp:featuredmedia":[{"embeddable":true,"href":"https:\/\/nuitblanche.be\/index.php?rest_route=\/wp\/v2\/media\/1686"}],"wp:attachment":[{"href":"https:\/\/nuitblanche.be\/index.php?rest_route=%2Fwp%2Fv2%2Fmedia&parent=1684"}],"wp:term":[{"taxonomy":"category","embeddable":true,"href":"https:\/\/nuitblanche.be\/index.php?rest_route=%2Fwp%2Fv2%2Fcategories&post=1684"},{"taxonomy":"post_tag","embeddable":true,"href":"https:\/\/nuitblanche.be\/index.php?rest_route=%2Fwp%2Fv2%2Ftags&post=1684"}],"curies":[{"name":"wp","href":"https:\/\/api.w.org\/{rel}","templated":true}]}}